{"id":17945,"date":"2025-06-22T21:23:01","date_gmt":"2025-06-22T19:23:01","guid":{"rendered":"https:\/\/solenaapartman.hu\/2025\/06\/22\/bocskai-istvan-muzeum-elo-tortenelem-a-hajduk-foldjen\/"},"modified":"2025-06-22T21:23:01","modified_gmt":"2025-06-22T19:23:01","slug":"bocskai-istvan-muzeum-elo-tortenelem-a-hajduk-foldjen","status":"publish","type":"post","link":"https:\/\/solenaapartman.hu\/de\/2025\/06\/22\/bocskai-istvan-muzeum-elo-tortenelem-a-hajduk-foldjen\/","title":{"rendered":"\ud83c\udfdb Bocskai Istv\u00e1n M\u00fazeum \u2013 \u00c9l\u0151 t\u00f6rt\u00e9nelem a hajd\u00fak f\u00f6ldj\u00e9n"},"content":{"rendered":"\n<h3 class=\"wp-block-heading\" id=\"h-egy-muzeum-ami-tobb-mint-kiallitas\">Egy m\u00fazeum, ami t\u00f6bb mint ki\u00e1ll\u00edt\u00e1s<\/h3>\n\n\n\n<p>A m\u00fazeum 1964 \u00f3ta m\u0171k\u00f6dik Hajd\u00faszoboszl\u00f3n, \u00e9s m\u00e1ra m\u00e1r t\u00f6bb egys\u00e9gb\u0151l \u00e1ll\u00f3, korszer\u0171 ki\u00e1ll\u00edt\u00f3helly\u00e9 v\u00e1lt. A l\u00e1togat\u00f3t m\u00e1r a bej\u00e1ratn\u00e1l is egyfajta k\u00fcl\u00f6n\u00f6s hangulat fogadja: mintha a m\u00falt csendesen, de er\u0151teljesen lenne jelen. Nem egy klasszikus \u201evitrines\u201d int\u00e9zm\u00e9nyr\u0151l van sz\u00f3 \u2013 sokkal ink\u00e1bb egy helyr\u0151l, ahol a t\u00f6rt\u00e9nelem megelevenedik.<\/p>\n\n\n\n<p>Az \u00e9p\u00fcletekben bemutatott anyagok k\u00f6z\u00f6tt megtal\u00e1lhat\u00f3k:<\/p>\n\n\n\n<ul class=\"wp-block-list\">\n<li>Bocskai Istv\u00e1n portr\u00e9i \u00e9s korabeli dokumentumok,<\/li>\n\n\n\n<li>hajd\u00fakat \u00e1br\u00e1zol\u00f3 festm\u00e9nyek,<\/li>\n\n\n\n<li>z\u00e1szl\u00f3k, fegyverek, korabeli viseletek,<\/li>\n\n\n\n<li>mindennapi haszn\u00e1lati t\u00e1rgyak,<\/li>\n\n\n\n<li>arch\u00edv f\u00e9nyk\u00e9pek \u00e9s t\u00e9rk\u00e9pek.<\/li>\n<\/ul>\n\n\n\n<p>A ki\u00e1ll\u00edt\u00e1s c\u00e9lja nem csup\u00e1n inform\u00e1lni, hanem \u00e9rz\u00e9keltetni is a korszak hangulat\u00e1t, t\u00e1rsadalmi \u00e9s politikai viszonyait.<\/p>\n\n\n\n<hr class=\"wp-block-separator has-alpha-channel-opacity\"\/>\n\n\n\n<h3 class=\"wp-block-heading\" id=\"h-a-fejedelmi-kincstar-magyar-identitas-meltosag-es-hatalom\">A Fejedelmi Kincst\u00e1r \u2013 Magyar identit\u00e1s, m\u00e9lt\u00f3s\u00e1g \u00e9s hatalom<\/h3>\n\n\n\n<p>A m\u00fazeum k\u00fcl\u00f6n egys\u00e9gek\u00e9nt m\u0171k\u00f6dik a <strong>Fejedelmi Kincst\u00e1r<\/strong>, amely a Bocskai-f\u00e9le korona \u00e9s jogar hiteles m\u00e1solat\u00e1t \u0151rzi. Ezek az erekly\u00e9k nem csup\u00e1n t\u00f6rt\u00e9nelmi t\u00e1rgyak \u2013 hanem a magyar \u00e9s erd\u00e9lyi szuverenit\u00e1s szimb\u00f3lumai is.<\/p>\n\n\n\n<p>A koron\u00e1t Bocskai Istv\u00e1n kapta az oszm\u00e1nokt\u00f3l 1605-ben, amikor erd\u00e9lyi fejedelemm\u00e9 v\u00e1lasztott\u00e1k. Ez volt az els\u0151 olyan alkalom, amikor egy magyar vezet\u0151 koron\u00e1t kapott nem a Habsburgokt\u00f3l \u2013 ez \u00f6nmag\u00e1ban is kifejezi a korszak hatalmi j\u00e1tszm\u00e1it, \u00e9s egyben a szabads\u00e1gv\u00e1gyat is.<\/p>\n\n\n\n<p>A kincst\u00e1ri terem m\u00e9lt\u00f3s\u00e1gteljes atmoszf\u00e9r\u00e1ja minden l\u00e1togat\u00f3t meg\u00e9rint, k\u00fcl\u00f6n\u00f6sen azokat, akik szeretik a t\u00f6rt\u00e9nelem m\u00e9lyebb r\u00e9tegeit is felfedezni.<\/p>\n\n\n\n<hr class=\"wp-block-separator has-alpha-channel-opacity\"\/>\n\n\n\n<h3 class=\"wp-block-heading\" id=\"h-interaktiv-elmeny-gyerekeknek-es-felnotteknek-egyarant\">Interakt\u00edv \u00e9lm\u00e9ny \u2013 Gyerekeknek \u00e9s feln\u0151tteknek egyar\u00e1nt<\/h3>\n\n\n\n<p>A Bocskai M\u00fazeum egyik nagy el\u0151nye, hogy gondol a fiatalabb koroszt\u00e1lyra is. A m\u00fazeumpedag\u00f3giai foglalkoz\u00e1sok, palat\u00e1bl\u00e1k, ruhapr\u00f3ba-sarok \u00e9s egy retro Trabant-szimul\u00e1tor is seg\u00edtik, hogy a gyerekek is \u00e9lm\u00e9nyk\u00e9nt \u00e9lj\u00e9k meg a t\u00f6rt\u00e9nelmet \u2013 ne pedig unalmas iskolai anyagk\u00e9nt.<\/p>\n\n\n\n<p>A ki\u00e1ll\u00edt\u00e1s interakt\u00edv paneljei, az id\u0151vonalas t\u00f6rt\u00e9nelmi \u00e1ttekint\u00e9s, \u00e9s a j\u00e1t\u00e9kos feladatok lehet\u0151v\u00e9 teszik, hogy minden koroszt\u00e1ly saj\u00e1t temp\u00f3j\u00e1ban fedezze fel a m\u00falt esem\u00e9nyeit.<\/p>\n\n\n\n<hr class=\"wp-block-separator has-alpha-channel-opacity\"\/>\n\n\n\n<h3 class=\"wp-block-heading\" id=\"h-miert-erdemes-ellatogatni\">Mi\u00e9rt \u00e9rdemes ell\u00e1togatni?<\/h3>\n\n\n\n<ul class=\"wp-block-list\">\n<li><strong>R\u00f6vid s\u00e9ta a sz\u00e1ll\u00e1st\u00f3l<\/strong> \u2013 nem kell aut\u00f3zni, programnak t\u00f6k\u00e9letes egy d\u00e9lut\u00e1nra.<\/li>\n\n\n\n<li><strong>\u00c9rt\u00e9kes t\u00f6rt\u00e9nelmi ismeretek<\/strong> \u2013 m\u00e9lyebb betekint\u00e9st ad nemcsak Hajd\u00faszoboszl\u00f3, hanem az eg\u00e9sz r\u00e9gi\u00f3 m\u00faltj\u00e1ba.<\/li>\n\n\n\n<li><strong>\u00c9lm\u00e9nyk\u00f6zpont\u00fa ki\u00e1ll\u00edt\u00e1s<\/strong> \u2013 modern, interakt\u00edv, gyerekbar\u00e1t.<\/li>\n\n\n\n<li><strong>Lelki felt\u00f6lt\u0151d\u00e9s<\/strong> \u2013 a Bocskai-korona l\u00e1tv\u00e1nya egyszerre tiszteletet parancsol\u00f3 \u00e9s felemel\u0151.<\/li>\n<\/ul>\n\n\n\n<hr class=\"wp-block-separator has-alpha-channel-opacity\"\/>\n\n\n\n<p>Ha a hajd\u00faszoboszl\u00f3i f\u00fcrd\u0151z\u00e9s mell\u00e9 egy kis kult\u00far\u00e1t is beilleszten\u00e9l, a Bocskai Istv\u00e1n M\u00fazeum t\u00f6k\u00e9letes v\u00e1laszt\u00e1s. \u00c9rtelmet ad a helysz\u00ednnek, ahol nyaralsz \u2013 \u00e9s \u00f6sszek\u00f6t a m\u00falttal, ami m\u00e9g ma is form\u00e1lja ezt a vid\u00e9ket.<\/p>\n","protected":false},"excerpt":{"rendered":"<p>Hajd\u00faszoboszl\u00f3 nemcsak f\u00fcrd\u0151ir\u0151l h\u00edres, hanem gazdag t\u00f6rt\u00e9nelmi \u00f6r\u00f6ks\u00e9g\u00e9r\u0151l is. A v\u00e1ros m\u00faltja szorosan \u00f6sszefon\u00f3dik a hajd\u00fa hagyom\u00e1nyokkal \u00e9s Bocskai Istv\u00e1n fejedelem nev\u00e9vel, aki \u00e9vsz\u00e1zadokkal ezel\u0151tt kulcsszerepet j\u00e1tszott a magyar t\u00f6rt\u00e9nelem alakul\u00e1s\u00e1ban. Ezt az \u00f6r\u00f6ks\u00e9get mutatja be leny\u0171g\u00f6z\u0151en a Bocskai Istv\u00e1n M\u00fazeum, amely mind\u00f6ssze egy kilom\u00e9terre tal\u00e1lhat\u00f3 a Solena Apartmant\u00f3l \u2013 t\u00f6k\u00e9letes c\u00e9lpont ak\u00e1r egy d\u00e9lut\u00e1ni s\u00e9t\u00e1ra is.<\/p>\n","protected":false},"author":1,"featured_media":17844,"comment_status":"open","ping_status":"open","sticky":false,"template":"","format":"standard","meta":{"footnotes":""},"categories":[153],"tags":[292,293,294,295,196,296,297,298,299,300,200,301,302,303,304,305,306,307,308],"class_list":["post-17945","post","type-post","status-publish","format-standard","has-post-thumbnail","hentry","category-solena-apartman","tag-belfoldi-kirandulas-de","tag-belteri-latnivalo-de","tag-bocskai-istvan-muzeum-de","tag-bocskai-korona-de","tag-csaladi-program-de","tag-erdelyi-fejedelemseg-de","tag-fejedelmi-kincstar-de","tag-gyerekbarat-muzeum-de","tag-hajduk-tortenete-de","tag-hajdusagi-orokseg-de","tag-hajduszoboszlo-latnivalok-de","tag-hajduszoboszlo-muzeum-de","tag-interaktiv-kiallitas-de","tag-kultura-hajduszoboszlon-de","tag-magyar-tortenelem-de","tag-muzeumlatogatas-de","tag-nyari-program-de","tag-szabadsagharc-de","tag-tortenelem-elmeny-de"],"yoast_head":"<!-- This site is optimized with the Yoast SEO Premium plugin v25.3.1 (Yoast SEO v25.3.1) - https:\/\/yoast.com\/wordpress\/plugins\/seo\/ -->\n<title>\ud83c\udfdb Bocskai Istv\u00e1n M\u00fazeum \u2013 \u00c9l\u0151 t\u00f6rt\u00e9nelem a hajd\u00fak f\u00f6ldj\u00e9n | SOLENA Apartmanh\u00e1z Hajd\u00faszoboszl\u00f3<\/title>\n<meta name=\"description\" content=\"Hajd\u00faszoboszl\u00f3 nemcsak f\u00fcrd\u0151ir\u0151l h\u00edres, hanem gazdag t\u00f6rt\u00e9nelmi \u00f6r\u00f6ks\u00e9g\u00e9r\u0151l is. A v\u00e1ros m\u00faltja szorosan \u00f6sszefon\u00f3dik a hajd\u00fa hagyom\u00e1nyokkal \u00e9s Bocskai Istv\u00e1n fejedelem nev\u00e9vel, aki \u00e9vsz\u00e1zadokkal ezel\u0151tt kulcsszerepet j\u00e1tszott a magyar t\u00f6rt\u00e9nelem alakul\u00e1s\u00e1ban. Ezt az \u00f6r\u00f6ks\u00e9get mutatja be leny\u0171g\u00f6z\u0151en a Bocskai Istv\u00e1n M\u00fazeum, amely mind\u00f6ssze egy kilom\u00e9terre tal\u00e1lhat\u00f3 a Solena Apartmant\u00f3l \u2013 t\u00f6k\u00e9letes c\u00e9lpont ak\u00e1r egy d\u00e9lut\u00e1ni s\u00e9t\u00e1ra is.\" \/>\n<meta name=\"robots\" content=\"index, follow, max-snippet:-1, max-image-preview:large, max-video-preview:-1\" \/>\n<link rel=\"canonical\" href=\"https:\/\/solenaapartman.hu\/de\/2025\/06\/22\/bocskai-istvan-muzeum-elo-tortenelem-a-hajduk-foldjen\/\" \/>\n<meta property=\"og:locale\" content=\"de_DE\" \/>\n<meta property=\"og:type\" content=\"article\" \/>\n<meta property=\"og:title\" content=\"\ud83c\udfdb Bocskai Istv\u00e1n M\u00fazeum \u2013 \u00c9l\u0151 t\u00f6rt\u00e9nelem a hajd\u00fak f\u00f6ldj\u00e9n\" \/>\n<meta property=\"og:description\" content=\"Hajd\u00faszoboszl\u00f3 nemcsak f\u00fcrd\u0151ir\u0151l h\u00edres, hanem gazdag t\u00f6rt\u00e9nelmi \u00f6r\u00f6ks\u00e9g\u00e9r\u0151l is. A v\u00e1ros m\u00faltja szorosan \u00f6sszefon\u00f3dik a hajd\u00fa hagyom\u00e1nyokkal \u00e9s Bocskai Istv\u00e1n fejedelem nev\u00e9vel, aki \u00e9vsz\u00e1zadokkal ezel\u0151tt kulcsszerepet j\u00e1tszott a magyar t\u00f6rt\u00e9nelem alakul\u00e1s\u00e1ban. Ezt az \u00f6r\u00f6ks\u00e9get mutatja be leny\u0171g\u00f6z\u0151en a Bocskai Istv\u00e1n M\u00fazeum, amely mind\u00f6ssze egy kilom\u00e9terre tal\u00e1lhat\u00f3 a Solena Apartmant\u00f3l \u2013 t\u00f6k\u00e9letes c\u00e9lpont ak\u00e1r egy d\u00e9lut\u00e1ni s\u00e9t\u00e1ra is.\" \/>\n<meta property=\"og:url\" content=\"https:\/\/solenaapartman.hu\/de\/2025\/06\/22\/bocskai-istvan-muzeum-elo-tortenelem-a-hajduk-foldjen\/\" \/>\n<meta property=\"og:site_name\" content=\"SOLENA Apartmanh\u00e1z Hajd\u00faszoboszl\u00f3\" \/>\n<meta property=\"article:published_time\" content=\"2025-06-22T19:23:01+00:00\" \/>\n<meta property=\"og:image\" content=\"https:\/\/solenaapartman.hu\/wp-content\/uploads\/2025\/06\/105493494-3499227993463198-1230935988912880004-o-27534-normal.jpg\" \/>\n\t<meta property=\"og:image:width\" content=\"800\" \/>\n\t<meta property=\"og:image:height\" content=\"533\" \/>\n\t<meta property=\"og:image:type\" content=\"image\/jpeg\" \/>\n<meta name=\"author\" content=\"SOLENA Apartman\" \/>\n<meta name=\"twitter:card\" content=\"summary_large_image\" \/>\n<meta name=\"twitter:label1\" content=\"Verfasst von\" \/>\n\t<meta name=\"twitter:data1\" content=\"SOLENA Apartman\" \/>\n\t<meta name=\"twitter:label2\" content=\"Gesch\u00e4tzte Lesezeit\" \/>\n\t<meta name=\"twitter:data2\" content=\"3\u00a0Minuten\" \/>\n<script type=\"application\/ld+json\" class=\"yoast-schema-graph\">{\"@context\":\"https:\/\/schema.org\",\"@graph\":[{\"@type\":\"Article\",\"@id\":\"https:\/\/solenaapartman.hu\/de\/2025\/06\/22\/bocskai-istvan-muzeum-elo-tortenelem-a-hajduk-foldjen\/#article\",\"isPartOf\":{\"@id\":\"https:\/\/solenaapartman.hu\/de\/2025\/06\/22\/bocskai-istvan-muzeum-elo-tortenelem-a-hajduk-foldjen\/\"},\"author\":{\"name\":\"SOLENA Apartman\",\"@id\":\"https:\/\/solenaapartman.hu\/de\/#\/schema\/person\/cc06b97ac9c83e76b6007f0ea14487ff\"},\"headline\":\"\ud83c\udfdb Bocskai Istv\u00e1n M\u00fazeum \u2013 \u00c9l\u0151 t\u00f6rt\u00e9nelem a hajd\u00fak f\u00f6ldj\u00e9n\",\"datePublished\":\"2025-06-22T19:23:01+00:00\",\"mainEntityOfPage\":{\"@id\":\"https:\/\/solenaapartman.hu\/de\/2025\/06\/22\/bocskai-istvan-muzeum-elo-tortenelem-a-hajduk-foldjen\/\"},\"wordCount\":561,\"commentCount\":0,\"publisher\":{\"@id\":\"https:\/\/solenaapartman.hu\/de\/#organization\"},\"image\":{\"@id\":\"https:\/\/solenaapartman.hu\/de\/2025\/06\/22\/bocskai-istvan-muzeum-elo-tortenelem-a-hajduk-foldjen\/#primaryimage\"},\"thumbnailUrl\":\"https:\/\/solenaapartman.hu\/wp-content\/uploads\/2025\/06\/105493494-3499227993463198-1230935988912880004-o-27534-normal.jpg\",\"keywords\":[\"belf\u00f6ldi kir\u00e1ndul\u00e1s\",\"belt\u00e9ri l\u00e1tnival\u00f3\",\"bocskai istv\u00e1n m\u00fazeum\",\"bocskai korona\",\"csal\u00e1di program\",\"erd\u00e9lyi fejedelems\u00e9g\",\"fejedelmi kincst\u00e1r\",\"gyerekbar\u00e1t m\u00fazeum\",\"hajd\u00fak t\u00f6rt\u00e9nete\",\"hajd\u00fas\u00e1gi \u00f6r\u00f6ks\u00e9g\",\"hajd\u00faszoboszl\u00f3 l\u00e1tnival\u00f3k\",\"hajd\u00faszoboszl\u00f3 m\u00fazeum\",\"interakt\u00edv ki\u00e1ll\u00edt\u00e1s\",\"kult\u00fara hajd\u00faszoboszl\u00f3n\",\"magyar t\u00f6rt\u00e9nelem\",\"m\u00fazeuml\u00e1togat\u00e1s\",\"ny\u00e1ri program\",\"szabads\u00e1gharc\",\"t\u00f6rt\u00e9nelem \u00e9lm\u00e9ny\"],\"articleSection\":[\"SOLENA Apartman\"],\"inLanguage\":\"de\",\"potentialAction\":[{\"@type\":\"CommentAction\",\"name\":\"Comment\",\"target\":[\"https:\/\/solenaapartman.hu\/de\/2025\/06\/22\/bocskai-istvan-muzeum-elo-tortenelem-a-hajduk-foldjen\/#respond\"]}]},{\"@type\":\"WebPage\",\"@id\":\"https:\/\/solenaapartman.hu\/de\/2025\/06\/22\/bocskai-istvan-muzeum-elo-tortenelem-a-hajduk-foldjen\/\",\"url\":\"https:\/\/solenaapartman.hu\/de\/2025\/06\/22\/bocskai-istvan-muzeum-elo-tortenelem-a-hajduk-foldjen\/\",\"name\":\"\ud83c\udfdb Bocskai Istv\u00e1n M\u00fazeum \u2013 \u00c9l\u0151 t\u00f6rt\u00e9nelem a hajd\u00fak f\u00f6ldj\u00e9n | SOLENA Apartmanh\u00e1z Hajd\u00faszoboszl\u00f3\",\"isPartOf\":{\"@id\":\"https:\/\/solenaapartman.hu\/de\/#website\"},\"primaryImageOfPage\":{\"@id\":\"https:\/\/solenaapartman.hu\/de\/2025\/06\/22\/bocskai-istvan-muzeum-elo-tortenelem-a-hajduk-foldjen\/#primaryimage\"},\"image\":{\"@id\":\"https:\/\/solenaapartman.hu\/de\/2025\/06\/22\/bocskai-istvan-muzeum-elo-tortenelem-a-hajduk-foldjen\/#primaryimage\"},\"thumbnailUrl\":\"https:\/\/solenaapartman.hu\/wp-content\/uploads\/2025\/06\/105493494-3499227993463198-1230935988912880004-o-27534-normal.jpg\",\"datePublished\":\"2025-06-22T19:23:01+00:00\",\"description\":\"Hajd\u00faszoboszl\u00f3 nemcsak f\u00fcrd\u0151ir\u0151l h\u00edres, hanem gazdag t\u00f6rt\u00e9nelmi \u00f6r\u00f6ks\u00e9g\u00e9r\u0151l is. A v\u00e1ros m\u00faltja szorosan \u00f6sszefon\u00f3dik a hajd\u00fa hagyom\u00e1nyokkal \u00e9s Bocskai Istv\u00e1n fejedelem nev\u00e9vel, aki \u00e9vsz\u00e1zadokkal ezel\u0151tt kulcsszerepet j\u00e1tszott a magyar t\u00f6rt\u00e9nelem alakul\u00e1s\u00e1ban. Ezt az \u00f6r\u00f6ks\u00e9get mutatja be leny\u0171g\u00f6z\u0151en a Bocskai Istv\u00e1n M\u00fazeum, amely mind\u00f6ssze egy kilom\u00e9terre tal\u00e1lhat\u00f3 a Solena Apartmant\u00f3l \u2013 t\u00f6k\u00e9letes c\u00e9lpont ak\u00e1r egy d\u00e9lut\u00e1ni s\u00e9t\u00e1ra is.\",\"breadcrumb\":{\"@id\":\"https:\/\/solenaapartman.hu\/de\/2025\/06\/22\/bocskai-istvan-muzeum-elo-tortenelem-a-hajduk-foldjen\/#breadcrumb\"},\"inLanguage\":\"de\",\"potentialAction\":[{\"@type\":\"ReadAction\",\"target\":[\"https:\/\/solenaapartman.hu\/de\/2025\/06\/22\/bocskai-istvan-muzeum-elo-tortenelem-a-hajduk-foldjen\/\"]}]},{\"@type\":\"ImageObject\",\"inLanguage\":\"de\",\"@id\":\"https:\/\/solenaapartman.hu\/de\/2025\/06\/22\/bocskai-istvan-muzeum-elo-tortenelem-a-hajduk-foldjen\/#primaryimage\",\"url\":\"https:\/\/solenaapartman.hu\/wp-content\/uploads\/2025\/06\/105493494-3499227993463198-1230935988912880004-o-27534-normal.jpg\",\"contentUrl\":\"https:\/\/solenaapartman.hu\/wp-content\/uploads\/2025\/06\/105493494-3499227993463198-1230935988912880004-o-27534-normal.jpg\",\"width\":800,\"height\":533},{\"@type\":\"BreadcrumbList\",\"@id\":\"https:\/\/solenaapartman.hu\/de\/2025\/06\/22\/bocskai-istvan-muzeum-elo-tortenelem-a-hajduk-foldjen\/#breadcrumb\",\"itemListElement\":[{\"@type\":\"ListItem\",\"position\":1,\"name\":\"Kezd\u0151lap\",\"item\":\"https:\/\/solenaapartman.hu\/de\/\"},{\"@type\":\"ListItem\",\"position\":2,\"name\":\"\ud83c\udfdb Bocskai Istv\u00e1n M\u00fazeum \u2013 \u00c9l\u0151 t\u00f6rt\u00e9nelem a hajd\u00fak f\u00f6ldj\u00e9n\"}]},{\"@type\":\"WebSite\",\"@id\":\"https:\/\/solenaapartman.hu\/de\/#website\",\"url\":\"https:\/\/solenaapartman.hu\/de\/\",\"name\":\"SOLENA Apartmanh\u00e1z Hajd\u00faszoboszl\u00f3\",\"description\":\"Olcs\u00f3 apartmanok Hajd\u00faszoboszl\u00f3n!\",\"publisher\":{\"@id\":\"https:\/\/solenaapartman.hu\/de\/#organization\"},\"potentialAction\":[{\"@type\":\"SearchAction\",\"target\":{\"@type\":\"EntryPoint\",\"urlTemplate\":\"https:\/\/solenaapartman.hu\/de\/?s={search_term_string}\"},\"query-input\":{\"@type\":\"PropertyValueSpecification\",\"valueRequired\":true,\"valueName\":\"search_term_string\"}}],\"inLanguage\":\"de\"},{\"@type\":\"Organization\",\"@id\":\"https:\/\/solenaapartman.hu\/de\/#organization\",\"name\":\"SOLENA Apartmanh\u00e1z Hajd\u00faszoboszl\u00f3\",\"url\":\"https:\/\/solenaapartman.hu\/de\/\",\"logo\":{\"@type\":\"ImageObject\",\"inLanguage\":\"de\",\"@id\":\"https:\/\/solenaapartman.hu\/de\/#\/schema\/logo\/image\/\",\"url\":\"https:\/\/solenaapartman.hu\/wp-content\/uploads\/2025\/06\/Solena-Favicon.png\",\"contentUrl\":\"https:\/\/solenaapartman.hu\/wp-content\/uploads\/2025\/06\/Solena-Favicon.png\",\"width\":1000,\"height\":1000,\"caption\":\"SOLENA Apartmanh\u00e1z Hajd\u00faszoboszl\u00f3\"},\"image\":{\"@id\":\"https:\/\/solenaapartman.hu\/de\/#\/schema\/logo\/image\/\"}},{\"@type\":\"Person\",\"@id\":\"https:\/\/solenaapartman.hu\/de\/#\/schema\/person\/cc06b97ac9c83e76b6007f0ea14487ff\",\"name\":\"SOLENA Apartman\",\"image\":{\"@type\":\"ImageObject\",\"inLanguage\":\"de\",\"@id\":\"https:\/\/solenaapartman.hu\/de\/#\/schema\/person\/image\/\",\"url\":\"https:\/\/secure.gravatar.com\/avatar\/556735fad9bfe138b8843e9c93cdcee1ce07a33dbf0e2d91a9e664aa109d9ab1?s=96&d=mm&r=g\",\"contentUrl\":\"https:\/\/secure.gravatar.com\/avatar\/556735fad9bfe138b8843e9c93cdcee1ce07a33dbf0e2d91a9e664aa109d9ab1?s=96&d=mm&r=g\",\"caption\":\"SOLENA Apartman\"},\"sameAs\":[\"https:\/\/solenaapartman.hu\"],\"url\":\"https:\/\/solenaapartman.hu\/de\/author\/solenaapartman\/\"}]}<\/script>\n<!-- \/ Yoast SEO Premium plugin. -->","yoast_head_json":{"title":"\ud83c\udfdb Bocskai Istv\u00e1n M\u00fazeum \u2013 \u00c9l\u0151 t\u00f6rt\u00e9nelem a hajd\u00fak f\u00f6ldj\u00e9n | SOLENA Apartmanh\u00e1z Hajd\u00faszoboszl\u00f3","description":"Hajd\u00faszoboszl\u00f3 nemcsak f\u00fcrd\u0151ir\u0151l h\u00edres, hanem gazdag t\u00f6rt\u00e9nelmi \u00f6r\u00f6ks\u00e9g\u00e9r\u0151l is. A v\u00e1ros m\u00faltja szorosan \u00f6sszefon\u00f3dik a hajd\u00fa hagyom\u00e1nyokkal \u00e9s Bocskai Istv\u00e1n fejedelem nev\u00e9vel, aki \u00e9vsz\u00e1zadokkal ezel\u0151tt kulcsszerepet j\u00e1tszott a magyar t\u00f6rt\u00e9nelem alakul\u00e1s\u00e1ban. Ezt az \u00f6r\u00f6ks\u00e9get mutatja be leny\u0171g\u00f6z\u0151en a Bocskai Istv\u00e1n M\u00fazeum, amely mind\u00f6ssze egy kilom\u00e9terre tal\u00e1lhat\u00f3 a Solena Apartmant\u00f3l \u2013 t\u00f6k\u00e9letes c\u00e9lpont ak\u00e1r egy d\u00e9lut\u00e1ni s\u00e9t\u00e1ra is.","robots":{"index":"index","follow":"follow","max-snippet":"max-snippet:-1","max-image-preview":"max-image-preview:large","max-video-preview":"max-video-preview:-1"},"canonical":"https:\/\/solenaapartman.hu\/de\/2025\/06\/22\/bocskai-istvan-muzeum-elo-tortenelem-a-hajduk-foldjen\/","og_locale":"de_DE","og_type":"article","og_title":"\ud83c\udfdb Bocskai Istv\u00e1n M\u00fazeum \u2013 \u00c9l\u0151 t\u00f6rt\u00e9nelem a hajd\u00fak f\u00f6ldj\u00e9n","og_description":"Hajd\u00faszoboszl\u00f3 nemcsak f\u00fcrd\u0151ir\u0151l h\u00edres, hanem gazdag t\u00f6rt\u00e9nelmi \u00f6r\u00f6ks\u00e9g\u00e9r\u0151l is. A v\u00e1ros m\u00faltja szorosan \u00f6sszefon\u00f3dik a hajd\u00fa hagyom\u00e1nyokkal \u00e9s Bocskai Istv\u00e1n fejedelem nev\u00e9vel, aki \u00e9vsz\u00e1zadokkal ezel\u0151tt kulcsszerepet j\u00e1tszott a magyar t\u00f6rt\u00e9nelem alakul\u00e1s\u00e1ban. Ezt az \u00f6r\u00f6ks\u00e9get mutatja be leny\u0171g\u00f6z\u0151en a Bocskai Istv\u00e1n M\u00fazeum, amely mind\u00f6ssze egy kilom\u00e9terre tal\u00e1lhat\u00f3 a Solena Apartmant\u00f3l \u2013 t\u00f6k\u00e9letes c\u00e9lpont ak\u00e1r egy d\u00e9lut\u00e1ni s\u00e9t\u00e1ra is.","og_url":"https:\/\/solenaapartman.hu\/de\/2025\/06\/22\/bocskai-istvan-muzeum-elo-tortenelem-a-hajduk-foldjen\/","og_site_name":"SOLENA Apartmanh\u00e1z Hajd\u00faszoboszl\u00f3","article_published_time":"2025-06-22T19:23:01+00:00","og_image":[{"width":800,"height":533,"url":"https:\/\/solenaapartman.hu\/wp-content\/uploads\/2025\/06\/105493494-3499227993463198-1230935988912880004-o-27534-normal.jpg","type":"image\/jpeg"}],"author":"SOLENA Apartman","twitter_card":"summary_large_image","twitter_misc":{"Verfasst von":"SOLENA Apartman","Gesch\u00e4tzte Lesezeit":"3\u00a0Minuten"},"schema":{"@context":"https:\/\/schema.org","@graph":[{"@type":"Article","@id":"https:\/\/solenaapartman.hu\/de\/2025\/06\/22\/bocskai-istvan-muzeum-elo-tortenelem-a-hajduk-foldjen\/#article","isPartOf":{"@id":"https:\/\/solenaapartman.hu\/de\/2025\/06\/22\/bocskai-istvan-muzeum-elo-tortenelem-a-hajduk-foldjen\/"},"author":{"name":"SOLENA Apartman","@id":"https:\/\/solenaapartman.hu\/de\/#\/schema\/person\/cc06b97ac9c83e76b6007f0ea14487ff"},"headline":"\ud83c\udfdb Bocskai Istv\u00e1n M\u00fazeum \u2013 \u00c9l\u0151 t\u00f6rt\u00e9nelem a hajd\u00fak f\u00f6ldj\u00e9n","datePublished":"2025-06-22T19:23:01+00:00","mainEntityOfPage":{"@id":"https:\/\/solenaapartman.hu\/de\/2025\/06\/22\/bocskai-istvan-muzeum-elo-tortenelem-a-hajduk-foldjen\/"},"wordCount":561,"commentCount":0,"publisher":{"@id":"https:\/\/solenaapartman.hu\/de\/#organization"},"image":{"@id":"https:\/\/solenaapartman.hu\/de\/2025\/06\/22\/bocskai-istvan-muzeum-elo-tortenelem-a-hajduk-foldjen\/#primaryimage"},"thumbnailUrl":"https:\/\/solenaapartman.hu\/wp-content\/uploads\/2025\/06\/105493494-3499227993463198-1230935988912880004-o-27534-normal.jpg","keywords":["belf\u00f6ldi kir\u00e1ndul\u00e1s","belt\u00e9ri l\u00e1tnival\u00f3","bocskai istv\u00e1n m\u00fazeum","bocskai korona","csal\u00e1di program","erd\u00e9lyi fejedelems\u00e9g","fejedelmi kincst\u00e1r","gyerekbar\u00e1t m\u00fazeum","hajd\u00fak t\u00f6rt\u00e9nete","hajd\u00fas\u00e1gi \u00f6r\u00f6ks\u00e9g","hajd\u00faszoboszl\u00f3 l\u00e1tnival\u00f3k","hajd\u00faszoboszl\u00f3 m\u00fazeum","interakt\u00edv ki\u00e1ll\u00edt\u00e1s","kult\u00fara hajd\u00faszoboszl\u00f3n","magyar t\u00f6rt\u00e9nelem","m\u00fazeuml\u00e1togat\u00e1s","ny\u00e1ri program","szabads\u00e1gharc","t\u00f6rt\u00e9nelem \u00e9lm\u00e9ny"],"articleSection":["SOLENA Apartman"],"inLanguage":"de","potentialAction":[{"@type":"CommentAction","name":"Comment","target":["https:\/\/solenaapartman.hu\/de\/2025\/06\/22\/bocskai-istvan-muzeum-elo-tortenelem-a-hajduk-foldjen\/#respond"]}]},{"@type":"WebPage","@id":"https:\/\/solenaapartman.hu\/de\/2025\/06\/22\/bocskai-istvan-muzeum-elo-tortenelem-a-hajduk-foldjen\/","url":"https:\/\/solenaapartman.hu\/de\/2025\/06\/22\/bocskai-istvan-muzeum-elo-tortenelem-a-hajduk-foldjen\/","name":"\ud83c\udfdb Bocskai Istv\u00e1n M\u00fazeum \u2013 \u00c9l\u0151 t\u00f6rt\u00e9nelem a hajd\u00fak f\u00f6ldj\u00e9n | SOLENA Apartmanh\u00e1z Hajd\u00faszoboszl\u00f3","isPartOf":{"@id":"https:\/\/solenaapartman.hu\/de\/#website"},"primaryImageOfPage":{"@id":"https:\/\/solenaapartman.hu\/de\/2025\/06\/22\/bocskai-istvan-muzeum-elo-tortenelem-a-hajduk-foldjen\/#primaryimage"},"image":{"@id":"https:\/\/solenaapartman.hu\/de\/2025\/06\/22\/bocskai-istvan-muzeum-elo-tortenelem-a-hajduk-foldjen\/#primaryimage"},"thumbnailUrl":"https:\/\/solenaapartman.hu\/wp-content\/uploads\/2025\/06\/105493494-3499227993463198-1230935988912880004-o-27534-normal.jpg","datePublished":"2025-06-22T19:23:01+00:00","description":"Hajd\u00faszoboszl\u00f3 nemcsak f\u00fcrd\u0151ir\u0151l h\u00edres, hanem gazdag t\u00f6rt\u00e9nelmi \u00f6r\u00f6ks\u00e9g\u00e9r\u0151l is. A v\u00e1ros m\u00faltja szorosan \u00f6sszefon\u00f3dik a hajd\u00fa hagyom\u00e1nyokkal \u00e9s Bocskai Istv\u00e1n fejedelem nev\u00e9vel, aki \u00e9vsz\u00e1zadokkal ezel\u0151tt kulcsszerepet j\u00e1tszott a magyar t\u00f6rt\u00e9nelem alakul\u00e1s\u00e1ban. Ezt az \u00f6r\u00f6ks\u00e9get mutatja be leny\u0171g\u00f6z\u0151en a Bocskai Istv\u00e1n M\u00fazeum, amely mind\u00f6ssze egy kilom\u00e9terre tal\u00e1lhat\u00f3 a Solena Apartmant\u00f3l \u2013 t\u00f6k\u00e9letes c\u00e9lpont ak\u00e1r egy d\u00e9lut\u00e1ni s\u00e9t\u00e1ra is.","breadcrumb":{"@id":"https:\/\/solenaapartman.hu\/de\/2025\/06\/22\/bocskai-istvan-muzeum-elo-tortenelem-a-hajduk-foldjen\/#breadcrumb"},"inLanguage":"de","potentialAction":[{"@type":"ReadAction","target":["https:\/\/solenaapartman.hu\/de\/2025\/06\/22\/bocskai-istvan-muzeum-elo-tortenelem-a-hajduk-foldjen\/"]}]},{"@type":"ImageObject","inLanguage":"de","@id":"https:\/\/solenaapartman.hu\/de\/2025\/06\/22\/bocskai-istvan-muzeum-elo-tortenelem-a-hajduk-foldjen\/#primaryimage","url":"https:\/\/solenaapartman.hu\/wp-content\/uploads\/2025\/06\/105493494-3499227993463198-1230935988912880004-o-27534-normal.jpg","contentUrl":"https:\/\/solenaapartman.hu\/wp-content\/uploads\/2025\/06\/105493494-3499227993463198-1230935988912880004-o-27534-normal.jpg","width":800,"height":533},{"@type":"BreadcrumbList","@id":"https:\/\/solenaapartman.hu\/de\/2025\/06\/22\/bocskai-istvan-muzeum-elo-tortenelem-a-hajduk-foldjen\/#breadcrumb","itemListElement":[{"@type":"ListItem","position":1,"name":"Kezd\u0151lap","item":"https:\/\/solenaapartman.hu\/de\/"},{"@type":"ListItem","position":2,"name":"\ud83c\udfdb Bocskai Istv\u00e1n M\u00fazeum \u2013 \u00c9l\u0151 t\u00f6rt\u00e9nelem a hajd\u00fak f\u00f6ldj\u00e9n"}]},{"@type":"WebSite","@id":"https:\/\/solenaapartman.hu\/de\/#website","url":"https:\/\/solenaapartman.hu\/de\/","name":"SOLENA Apartmanh\u00e1z Hajd\u00faszoboszl\u00f3","description":"Olcs\u00f3 apartmanok Hajd\u00faszoboszl\u00f3n!","publisher":{"@id":"https:\/\/solenaapartman.hu\/de\/#organization"},"potentialAction":[{"@type":"SearchAction","target":{"@type":"EntryPoint","urlTemplate":"https:\/\/solenaapartman.hu\/de\/?s={search_term_string}"},"query-input":{"@type":"PropertyValueSpecification","valueRequired":true,"valueName":"search_term_string"}}],"inLanguage":"de"},{"@type":"Organization","@id":"https:\/\/solenaapartman.hu\/de\/#organization","name":"SOLENA Apartmanh\u00e1z Hajd\u00faszoboszl\u00f3","url":"https:\/\/solenaapartman.hu\/de\/","logo":{"@type":"ImageObject","inLanguage":"de","@id":"https:\/\/solenaapartman.hu\/de\/#\/schema\/logo\/image\/","url":"https:\/\/solenaapartman.hu\/wp-content\/uploads\/2025\/06\/Solena-Favicon.png","contentUrl":"https:\/\/solenaapartman.hu\/wp-content\/uploads\/2025\/06\/Solena-Favicon.png","width":1000,"height":1000,"caption":"SOLENA Apartmanh\u00e1z Hajd\u00faszoboszl\u00f3"},"image":{"@id":"https:\/\/solenaapartman.hu\/de\/#\/schema\/logo\/image\/"}},{"@type":"Person","@id":"https:\/\/solenaapartman.hu\/de\/#\/schema\/person\/cc06b97ac9c83e76b6007f0ea14487ff","name":"SOLENA Apartman","image":{"@type":"ImageObject","inLanguage":"de","@id":"https:\/\/solenaapartman.hu\/de\/#\/schema\/person\/image\/","url":"https:\/\/secure.gravatar.com\/avatar\/556735fad9bfe138b8843e9c93cdcee1ce07a33dbf0e2d91a9e664aa109d9ab1?s=96&d=mm&r=g","contentUrl":"https:\/\/secure.gravatar.com\/avatar\/556735fad9bfe138b8843e9c93cdcee1ce07a33dbf0e2d91a9e664aa109d9ab1?s=96&d=mm&r=g","caption":"SOLENA Apartman"},"sameAs":["https:\/\/solenaapartman.hu"],"url":"https:\/\/solenaapartman.hu\/de\/author\/solenaapartman\/"}]}},"_links":{"self":[{"href":"https:\/\/solenaapartman.hu\/de\/wp-json\/wp\/v2\/posts\/17945","targetHints":{"allow":["GET"]}}],"collection":[{"href":"https:\/\/solenaapartman.hu\/de\/wp-json\/wp\/v2\/posts"}],"about":[{"href":"https:\/\/solenaapartman.hu\/de\/wp-json\/wp\/v2\/types\/post"}],"author":[{"embeddable":true,"href":"https:\/\/solenaapartman.hu\/de\/wp-json\/wp\/v2\/users\/1"}],"replies":[{"embeddable":true,"href":"https:\/\/solenaapartman.hu\/de\/wp-json\/wp\/v2\/comments?post=17945"}],"version-history":[{"count":0,"href":"https:\/\/solenaapartman.hu\/de\/wp-json\/wp\/v2\/posts\/17945\/revisions"}],"wp:featuredmedia":[{"embeddable":true,"href":"https:\/\/solenaapartman.hu\/de\/wp-json\/wp\/v2\/media\/17844"}],"wp:attachment":[{"href":"https:\/\/solenaapartman.hu\/de\/wp-json\/wp\/v2\/media?parent=17945"}],"wp:term":[{"taxonomy":"category","embeddable":true,"href":"https:\/\/solenaapartman.hu\/de\/wp-json\/wp\/v2\/categories?post=17945"},{"taxonomy":"post_tag","embeddable":true,"href":"https:\/\/solenaapartman.hu\/de\/wp-json\/wp\/v2\/tags?post=17945"}],"curies":[{"name":"wp","href":"https:\/\/api.w.org\/{rel}","templated":true}]}}