{"id":17940,"date":"2025-06-22T21:25:24","date_gmt":"2025-06-22T19:25:24","guid":{"rendered":"https:\/\/solenaapartman.hu\/2025\/06\/22\/varosfal-maradvany-sarokbastya-kozepkori-idoutazas-hajduszoboszlon\/"},"modified":"2025-06-22T21:25:24","modified_gmt":"2025-06-22T19:25:24","slug":"varosfal-maradvany-sarokbastya-kozepkori-idoutazas-hajduszoboszlon","status":"publish","type":"post","link":"https:\/\/solenaapartman.hu\/de\/2025\/06\/22\/varosfal-maradvany-sarokbastya-kozepkori-idoutazas-hajduszoboszlon\/","title":{"rendered":"\ud83c\udff0 V\u00e1rosfal maradv\u00e1ny &amp; sarokb\u00e1stya \u2013 K\u00f6z\u00e9pkori id\u0151utaz\u00e1s Hajd\u00faszoboszl\u00f3n"},"content":{"rendered":"\n<h3 class=\"wp-block-heading\" id=\"h-tortenelem-a-mindennapok-kozepen\">T\u00f6rt\u00e9nelem a mindennapok k\u00f6zep\u00e9n<\/h3>\n\n\n\n<p>A Reform\u00e1tus templom \u00e9s a K\u00e1lvin t\u00e9r szomsz\u00e9ds\u00e1g\u00e1ban tal\u00e1lhat\u00f3 v\u00e1rosfal egykor a telep\u00fcl\u00e9s v\u00e9delm\u00e9t szolg\u00e1lta. A 15\u201317. sz\u00e1zad k\u00f6z\u00f6tt a hajd\u00fak v\u00e9delmi c\u00e9lb\u00f3l \u00e9p\u00edtett\u00e9k, el\u0151sz\u00f6r f\u00e1b\u00f3l, k\u00e9s\u0151bb k\u0151b\u0151l meger\u0151s\u00edtve. Ez a fal volt a v\u00e1ros pereme, hat\u00e1ra, de egyben a lakoss\u00e1g biztons\u00e1g\u00e1nak szimb\u00f3luma is.<\/p>\n\n\n\n<p>A jelenleg l\u00e1that\u00f3 falr\u00e9szlet az egykori pal\u00e1nk maradv\u00e1nya, amely t\u00fal\u00e9lte az \u00e9vsz\u00e1zadokat, h\u00e1bor\u00fakat, \u00e1t\u00e9p\u00edt\u00e9seket. K\u00fcl\u00f6n \u00e9rdekess\u00e9ge, hogy nem kiemelt m\u0171eml\u00e9kk\u00e9nt, hanem a v\u00e1ros szerves r\u00e9szek\u00e9nt \u00e1ll \u2013 s\u00e9t\u00e1lhatunk mellette, meg\u00e9rinthetj\u00fck, \u00e9s elmer\u00fclhet\u00fcnk a gondolatban: h\u00e1nyan \u00e1lltak itt el\u0151tt\u00fcnk, milyen c\u00e9lb\u00f3l, milyen korban?<\/p>\n\n\n\n<hr class=\"wp-block-separator has-alpha-channel-opacity\"\/>\n\n\n\n<h3 class=\"wp-block-heading\" id=\"h-a-sarokbastya-ahol-az-orok-figyeltek\">A sarokb\u00e1stya \u2013 ahol az \u0151r\u00f6k figyeltek<\/h3>\n\n\n\n<p>A v\u00e1rosfalhoz tartoz\u00f3 <strong>sarokb\u00e1stya<\/strong> is fennmaradt, r\u00e9szben rekonstru\u00e1lva. Az \u00e9p\u00edtm\u00e9ny zsindelyes tet\u0151t kapott, \u00e9s meg\u0151rizte a l\u00f6v\u00e9sny\u00edl\u00e1sokat, amelyeken kereszt\u00fcl a hajd\u00fak figyelt\u00e9k a vid\u00e9ket. B\u00e1r nem magas, m\u00e9gis impoz\u00e1ns \u2013 egyszerre praktikus \u00e9s szimbolikus.<\/p>\n\n\n\n<p>A sarokb\u00e1stya k\u00fcl\u00f6n\u00f6sen este, kivil\u00e1g\u00edtott \u00e1llapotban kelti \u00e9letre a m\u00faltat: a term\u00e9szetes anyagok, a fa \u00e9s k\u0151 harmonikus egy\u00fcttese j\u00f3l illeszkedik a modern v\u00e1rosk\u00e9pbe, m\u00e9gis kiemelkedik bel\u0151le, mint egy id\u0151b\u0151l \u00e1temelt szil\u00e1rd eml\u00e9k.<\/p>\n\n\n\n<hr class=\"wp-block-separator has-alpha-channel-opacity\"\/>\n\n\n\n<h3 class=\"wp-block-heading\" id=\"h-epiteszet-tortenelem-es-emlekezes\">\u00c9p\u00edt\u00e9szet, t\u00f6rt\u00e9nelem \u00e9s eml\u00e9kez\u00e9s<\/h3>\n\n\n\n<p>Nem csak a fal \u00e9s a b\u00e1stya miatt \u00e9rdemes ide ell\u00e1togatni. Az \u00e9p\u00edtm\u00e9ny mellett <strong>eml\u00e9kt\u00e1bla<\/strong> hirdeti a t\u00f6r\u00f6k id\u0151k \u00e1ldozatainak eml\u00e9k\u00e9t \u2013 azok\u00e9t, akik \u00e9let\u00fcket adt\u00e1k a v\u00e1ros v\u00e9delm\u00e9\u00e9rt. Aki egy pillanatra meg\u00e1ll \u00e9s elolvassa a n\u00e9h\u00e1ny soros feliratot, m\u00e1ris kapcsolatba ker\u00fcl egy t\u00f6bb sz\u00e1z \u00e9ves t\u00f6rt\u00e9nettel.<\/p>\n\n\n\n<p>A hely szakr\u00e1lis hangulatot \u00e1raszt. Csendes, de besz\u00e9des. T\u00f6k\u00e9letes azoknak, akik nemcsak sz\u00f3rakoz\u00e1sra, hanem tartalomra, m\u00e9lys\u00e9gre is v\u00e1gynak egy kiruccan\u00e1s sor\u00e1n.<\/p>\n\n\n\n<hr class=\"wp-block-separator has-alpha-channel-opacity\"\/>\n\n\n\n<h3 class=\"wp-block-heading\" id=\"h-egy-feloras-seta-ami-orokre-emlekezetes-marad\">Egy f\u00e9l\u00f3r\u00e1s s\u00e9ta, ami \u00f6r\u00f6kre eml\u00e9kezetes marad<\/h3>\n\n\n\n<p>A Solena Apartmant\u00f3l p\u00e1r perces s\u00e9t\u00e1val el\u00e9rhet\u0151 a v\u00e1rosfal maradv\u00e1nya \u00e9s a sarokb\u00e1stya \u2013 ak\u00e1r egy f\u00fcrd\u0151z\u00e9s ut\u00e1ni k\u00f6nny\u0171 programk\u00e9nt is beilleszthet\u0151 a napba. Nem kell idegenvezet\u0151, nem kell bel\u00e9p\u0151jegy \u2013 csak egy kis k\u00edv\u00e1ncsis\u00e1g, egy csipetnyi t\u00f6rt\u00e9nelmi \u00e9rz\u00e9kenys\u00e9g, \u00e9s m\u00e1ris megny\u00edlik el\u0151tted Hajd\u00faszoboszl\u00f3 rejtett m\u00faltja.<\/p>\n","protected":false},"excerpt":{"rendered":"<p>B\u00e1r Hajd\u00faszoboszl\u00f3 nev\u00e9t sokan a gy\u00f3gyv\u00edz \u00e9s a f\u00fcrd\u0151\u00e9lm\u00e9nyek miatt ismerik, a v\u00e1ros enn\u00e9l j\u00f3val t\u00f6bbet rejt mag\u00e1ban. A nyugodt utc\u00e1k, z\u00f6ld parkok \u00e9s modern turisztikai k\u00f6zpontok k\u00f6z\u00f6tt megb\u00fajik valami eg\u00e9szen k\u00fcl\u00f6nleges: a hajd\u00fas\u00e1gi m\u00falt k\u00e9zzel foghat\u00f3 eml\u00e9ke. A V\u00e1rosfal maradv\u00e1ny \u00e9s a hozz\u00e1 tartoz\u00f3 sarokb\u00e1stya a v\u00e1ros sz\u00edv\u00e9ben \u00e1ll, csendben, m\u00e9lt\u00f3s\u00e1gteljesen. Egy hely, ahol meg\u00e1ll az id\u0151 \u2013 \u00e9s egy s\u00e9ta sor\u00e1n el\u00e9nk t\u00e1rul Hajd\u00faszoboszl\u00f3 k\u00f6z\u00e9pkori arca.<\/p>\n","protected":false},"author":1,"featured_media":17849,"comment_status":"open","ping_status":"open","sticky":false,"template":"","format":"standard","meta":{"footnotes":""},"categories":[153],"tags":[195,196,197,198,199,200,201,202,203,204,205,206,207,208,209,210,211,212,213,214],"class_list":["post-17940","post","type-post","status-publish","format-standard","has-post-thumbnail","hentry","category-solena-apartman","tag-alfoldi-mult-de","tag-csaladi-program-de","tag-delutani-program-de","tag-hajduk-varosa-de","tag-hajdusag-oroksege-de","tag-hajduszoboszlo-latnivalok-de","tag-idoutazas-de","tag-kofal-maradvany-de","tag-kozepkori-emlek-de","tag-muemlek-seta-de","tag-rejtett-ertekek-de","tag-sarokbastya-de","tag-solena-apartman-kozeleben-de","tag-szabadteri-latnivalo-de","tag-torok-idok-de","tag-tortenelmi-hangulat-de","tag-tortenelmi-seta-de","tag-varosfal-hajduszoboszlo-de","tag-varosi-tortenelem-de","tag-vedelmi-rendszer-de"],"yoast_head":"<!-- This site is optimized with the Yoast SEO Premium plugin v25.3.1 (Yoast SEO v25.3.1) - https:\/\/yoast.com\/wordpress\/plugins\/seo\/ -->\n<title>\ud83c\udff0 V\u00e1rosfal maradv\u00e1ny &amp; sarokb\u00e1stya \u2013 K\u00f6z\u00e9pkori id\u0151utaz\u00e1s Hajd\u00faszoboszl\u00f3n | SOLENA Apartmanh\u00e1z Hajd\u00faszoboszl\u00f3<\/title>\n<meta name=\"description\" content=\"B\u00e1r Hajd\u00faszoboszl\u00f3 nev\u00e9t sokan a gy\u00f3gyv\u00edz \u00e9s a f\u00fcrd\u0151\u00e9lm\u00e9nyek miatt ismerik, a v\u00e1ros enn\u00e9l j\u00f3val t\u00f6bbet rejt mag\u00e1ban. A nyugodt utc\u00e1k, z\u00f6ld parkok \u00e9s modern turisztikai k\u00f6zpontok k\u00f6z\u00f6tt megb\u00fajik valami eg\u00e9szen k\u00fcl\u00f6nleges: a hajd\u00fas\u00e1gi m\u00falt k\u00e9zzel foghat\u00f3 eml\u00e9ke. A V\u00e1rosfal maradv\u00e1ny \u00e9s a hozz\u00e1 tartoz\u00f3 sarokb\u00e1stya a v\u00e1ros sz\u00edv\u00e9ben \u00e1ll, csendben, m\u00e9lt\u00f3s\u00e1gteljesen. Egy hely, ahol meg\u00e1ll az id\u0151 \u2013 \u00e9s egy s\u00e9ta sor\u00e1n el\u00e9nk t\u00e1rul Hajd\u00faszoboszl\u00f3 k\u00f6z\u00e9pkori arca.\" \/>\n<meta name=\"robots\" content=\"index, follow, max-snippet:-1, max-image-preview:large, max-video-preview:-1\" \/>\n<link rel=\"canonical\" href=\"https:\/\/solenaapartman.hu\/de\/2025\/06\/22\/varosfal-maradvany-sarokbastya-kozepkori-idoutazas-hajduszoboszlon\/\" \/>\n<meta property=\"og:locale\" content=\"de_DE\" \/>\n<meta property=\"og:type\" content=\"article\" \/>\n<meta property=\"og:title\" content=\"\ud83c\udff0 V\u00e1rosfal maradv\u00e1ny &amp; sarokb\u00e1stya \u2013 K\u00f6z\u00e9pkori id\u0151utaz\u00e1s Hajd\u00faszoboszl\u00f3n\" \/>\n<meta property=\"og:description\" content=\"B\u00e1r Hajd\u00faszoboszl\u00f3 nev\u00e9t sokan a gy\u00f3gyv\u00edz \u00e9s a f\u00fcrd\u0151\u00e9lm\u00e9nyek miatt ismerik, a v\u00e1ros enn\u00e9l j\u00f3val t\u00f6bbet rejt mag\u00e1ban. A nyugodt utc\u00e1k, z\u00f6ld parkok \u00e9s modern turisztikai k\u00f6zpontok k\u00f6z\u00f6tt megb\u00fajik valami eg\u00e9szen k\u00fcl\u00f6nleges: a hajd\u00fas\u00e1gi m\u00falt k\u00e9zzel foghat\u00f3 eml\u00e9ke. A V\u00e1rosfal maradv\u00e1ny \u00e9s a hozz\u00e1 tartoz\u00f3 sarokb\u00e1stya a v\u00e1ros sz\u00edv\u00e9ben \u00e1ll, csendben, m\u00e9lt\u00f3s\u00e1gteljesen. Egy hely, ahol meg\u00e1ll az id\u0151 \u2013 \u00e9s egy s\u00e9ta sor\u00e1n el\u00e9nk t\u00e1rul Hajd\u00faszoboszl\u00f3 k\u00f6z\u00e9pkori arca.\" \/>\n<meta property=\"og:url\" content=\"https:\/\/solenaapartman.hu\/de\/2025\/06\/22\/varosfal-maradvany-sarokbastya-kozepkori-idoutazas-hajduszoboszlon\/\" \/>\n<meta property=\"og:site_name\" content=\"SOLENA Apartmanh\u00e1z Hajd\u00faszoboszl\u00f3\" \/>\n<meta property=\"article:published_time\" content=\"2025-06-22T19:25:24+00:00\" \/>\n<meta property=\"og:image\" content=\"https:\/\/solenaapartman.hu\/wp-content\/uploads\/2025\/06\/hajduszoboszlo-varsi-erodfal-maradvany-ovaros-csodalatosmagyarorszag.jpg\" \/>\n\t<meta property=\"og:image:width\" content=\"1600\" \/>\n\t<meta property=\"og:image:height\" content=\"900\" \/>\n\t<meta property=\"og:image:type\" content=\"image\/jpeg\" \/>\n<meta name=\"author\" content=\"SOLENA Apartman\" \/>\n<meta name=\"twitter:card\" content=\"summary_large_image\" \/>\n<meta name=\"twitter:label1\" content=\"Verfasst von\" \/>\n\t<meta name=\"twitter:data1\" content=\"SOLENA Apartman\" \/>\n\t<meta name=\"twitter:label2\" content=\"Gesch\u00e4tzte Lesezeit\" \/>\n\t<meta name=\"twitter:data2\" content=\"2\u00a0Minuten\" \/>\n<script type=\"application\/ld+json\" class=\"yoast-schema-graph\">{\"@context\":\"https:\/\/schema.org\",\"@graph\":[{\"@type\":\"Article\",\"@id\":\"https:\/\/solenaapartman.hu\/de\/2025\/06\/22\/varosfal-maradvany-sarokbastya-kozepkori-idoutazas-hajduszoboszlon\/#article\",\"isPartOf\":{\"@id\":\"https:\/\/solenaapartman.hu\/de\/2025\/06\/22\/varosfal-maradvany-sarokbastya-kozepkori-idoutazas-hajduszoboszlon\/\"},\"author\":{\"name\":\"SOLENA Apartman\",\"@id\":\"https:\/\/solenaapartman.hu\/de\/#\/schema\/person\/cc06b97ac9c83e76b6007f0ea14487ff\"},\"headline\":\"\ud83c\udff0 V\u00e1rosfal maradv\u00e1ny &amp; sarokb\u00e1stya \u2013 K\u00f6z\u00e9pkori id\u0151utaz\u00e1s Hajd\u00faszoboszl\u00f3n\",\"datePublished\":\"2025-06-22T19:25:24+00:00\",\"mainEntityOfPage\":{\"@id\":\"https:\/\/solenaapartman.hu\/de\/2025\/06\/22\/varosfal-maradvany-sarokbastya-kozepkori-idoutazas-hajduszoboszlon\/\"},\"wordCount\":489,\"commentCount\":0,\"publisher\":{\"@id\":\"https:\/\/solenaapartman.hu\/de\/#organization\"},\"image\":{\"@id\":\"https:\/\/solenaapartman.hu\/de\/2025\/06\/22\/varosfal-maradvany-sarokbastya-kozepkori-idoutazas-hajduszoboszlon\/#primaryimage\"},\"thumbnailUrl\":\"https:\/\/solenaapartman.hu\/wp-content\/uploads\/2025\/06\/hajduszoboszlo-varsi-erodfal-maradvany-ovaros-csodalatosmagyarorszag.jpg\",\"keywords\":[\"alf\u00f6ldi m\u00falt\",\"csal\u00e1di program\",\"d\u00e9lut\u00e1ni program\",\"hajd\u00fak v\u00e1rosa\",\"hajd\u00fas\u00e1g \u00f6r\u00f6ks\u00e9ge\",\"hajd\u00faszoboszl\u00f3 l\u00e1tnival\u00f3k\",\"id\u0151utaz\u00e1s\",\"k\u0151fal maradv\u00e1ny\",\"k\u00f6z\u00e9pkori eml\u00e9k\",\"m\u0171eml\u00e9k s\u00e9ta\",\"rejtett \u00e9rt\u00e9kek\",\"sarokb\u00e1stya\",\"solena apartman k\u00f6zel\u00e9ben\",\"szabadt\u00e9ri l\u00e1tnival\u00f3\",\"t\u00f6r\u00f6k id\u0151k\",\"t\u00f6rt\u00e9nelmi hangulat\",\"t\u00f6rt\u00e9nelmi s\u00e9ta\",\"v\u00e1rosfal hajd\u00faszoboszl\u00f3\",\"v\u00e1rosi t\u00f6rt\u00e9nelem\",\"v\u00e9delmi rendszer\"],\"articleSection\":[\"SOLENA Apartman\"],\"inLanguage\":\"de\",\"potentialAction\":[{\"@type\":\"CommentAction\",\"name\":\"Comment\",\"target\":[\"https:\/\/solenaapartman.hu\/de\/2025\/06\/22\/varosfal-maradvany-sarokbastya-kozepkori-idoutazas-hajduszoboszlon\/#respond\"]}]},{\"@type\":\"WebPage\",\"@id\":\"https:\/\/solenaapartman.hu\/de\/2025\/06\/22\/varosfal-maradvany-sarokbastya-kozepkori-idoutazas-hajduszoboszlon\/\",\"url\":\"https:\/\/solenaapartman.hu\/de\/2025\/06\/22\/varosfal-maradvany-sarokbastya-kozepkori-idoutazas-hajduszoboszlon\/\",\"name\":\"\ud83c\udff0 V\u00e1rosfal maradv\u00e1ny &amp; sarokb\u00e1stya \u2013 K\u00f6z\u00e9pkori id\u0151utaz\u00e1s Hajd\u00faszoboszl\u00f3n | SOLENA Apartmanh\u00e1z Hajd\u00faszoboszl\u00f3\",\"isPartOf\":{\"@id\":\"https:\/\/solenaapartman.hu\/de\/#website\"},\"primaryImageOfPage\":{\"@id\":\"https:\/\/solenaapartman.hu\/de\/2025\/06\/22\/varosfal-maradvany-sarokbastya-kozepkori-idoutazas-hajduszoboszlon\/#primaryimage\"},\"image\":{\"@id\":\"https:\/\/solenaapartman.hu\/de\/2025\/06\/22\/varosfal-maradvany-sarokbastya-kozepkori-idoutazas-hajduszoboszlon\/#primaryimage\"},\"thumbnailUrl\":\"https:\/\/solenaapartman.hu\/wp-content\/uploads\/2025\/06\/hajduszoboszlo-varsi-erodfal-maradvany-ovaros-csodalatosmagyarorszag.jpg\",\"datePublished\":\"2025-06-22T19:25:24+00:00\",\"description\":\"B\u00e1r Hajd\u00faszoboszl\u00f3 nev\u00e9t sokan a gy\u00f3gyv\u00edz \u00e9s a f\u00fcrd\u0151\u00e9lm\u00e9nyek miatt ismerik, a v\u00e1ros enn\u00e9l j\u00f3val t\u00f6bbet rejt mag\u00e1ban. A nyugodt utc\u00e1k, z\u00f6ld parkok \u00e9s modern turisztikai k\u00f6zpontok k\u00f6z\u00f6tt megb\u00fajik valami eg\u00e9szen k\u00fcl\u00f6nleges: a hajd\u00fas\u00e1gi m\u00falt k\u00e9zzel foghat\u00f3 eml\u00e9ke. A V\u00e1rosfal maradv\u00e1ny \u00e9s a hozz\u00e1 tartoz\u00f3 sarokb\u00e1stya a v\u00e1ros sz\u00edv\u00e9ben \u00e1ll, csendben, m\u00e9lt\u00f3s\u00e1gteljesen. Egy hely, ahol meg\u00e1ll az id\u0151 \u2013 \u00e9s egy s\u00e9ta sor\u00e1n el\u00e9nk t\u00e1rul Hajd\u00faszoboszl\u00f3 k\u00f6z\u00e9pkori arca.\",\"breadcrumb\":{\"@id\":\"https:\/\/solenaapartman.hu\/de\/2025\/06\/22\/varosfal-maradvany-sarokbastya-kozepkori-idoutazas-hajduszoboszlon\/#breadcrumb\"},\"inLanguage\":\"de\",\"potentialAction\":[{\"@type\":\"ReadAction\",\"target\":[\"https:\/\/solenaapartman.hu\/de\/2025\/06\/22\/varosfal-maradvany-sarokbastya-kozepkori-idoutazas-hajduszoboszlon\/\"]}]},{\"@type\":\"ImageObject\",\"inLanguage\":\"de\",\"@id\":\"https:\/\/solenaapartman.hu\/de\/2025\/06\/22\/varosfal-maradvany-sarokbastya-kozepkori-idoutazas-hajduszoboszlon\/#primaryimage\",\"url\":\"https:\/\/solenaapartman.hu\/wp-content\/uploads\/2025\/06\/hajduszoboszlo-varsi-erodfal-maradvany-ovaros-csodalatosmagyarorszag.jpg\",\"contentUrl\":\"https:\/\/solenaapartman.hu\/wp-content\/uploads\/2025\/06\/hajduszoboszlo-varsi-erodfal-maradvany-ovaros-csodalatosmagyarorszag.jpg\",\"width\":1600,\"height\":900},{\"@type\":\"BreadcrumbList\",\"@id\":\"https:\/\/solenaapartman.hu\/de\/2025\/06\/22\/varosfal-maradvany-sarokbastya-kozepkori-idoutazas-hajduszoboszlon\/#breadcrumb\",\"itemListElement\":[{\"@type\":\"ListItem\",\"position\":1,\"name\":\"Kezd\u0151lap\",\"item\":\"https:\/\/solenaapartman.hu\/de\/\"},{\"@type\":\"ListItem\",\"position\":2,\"name\":\"\ud83c\udff0 V\u00e1rosfal maradv\u00e1ny &amp; sarokb\u00e1stya \u2013 K\u00f6z\u00e9pkori id\u0151utaz\u00e1s Hajd\u00faszoboszl\u00f3n\"}]},{\"@type\":\"WebSite\",\"@id\":\"https:\/\/solenaapartman.hu\/de\/#website\",\"url\":\"https:\/\/solenaapartman.hu\/de\/\",\"name\":\"SOLENA Apartmanh\u00e1z Hajd\u00faszoboszl\u00f3\",\"description\":\"Olcs\u00f3 apartmanok Hajd\u00faszoboszl\u00f3n!\",\"publisher\":{\"@id\":\"https:\/\/solenaapartman.hu\/de\/#organization\"},\"potentialAction\":[{\"@type\":\"SearchAction\",\"target\":{\"@type\":\"EntryPoint\",\"urlTemplate\":\"https:\/\/solenaapartman.hu\/de\/?s={search_term_string}\"},\"query-input\":{\"@type\":\"PropertyValueSpecification\",\"valueRequired\":true,\"valueName\":\"search_term_string\"}}],\"inLanguage\":\"de\"},{\"@type\":\"Organization\",\"@id\":\"https:\/\/solenaapartman.hu\/de\/#organization\",\"name\":\"SOLENA Apartmanh\u00e1z Hajd\u00faszoboszl\u00f3\",\"url\":\"https:\/\/solenaapartman.hu\/de\/\",\"logo\":{\"@type\":\"ImageObject\",\"inLanguage\":\"de\",\"@id\":\"https:\/\/solenaapartman.hu\/de\/#\/schema\/logo\/image\/\",\"url\":\"https:\/\/solenaapartman.hu\/wp-content\/uploads\/2025\/06\/Solena-Favicon.png\",\"contentUrl\":\"https:\/\/solenaapartman.hu\/wp-content\/uploads\/2025\/06\/Solena-Favicon.png\",\"width\":1000,\"height\":1000,\"caption\":\"SOLENA Apartmanh\u00e1z Hajd\u00faszoboszl\u00f3\"},\"image\":{\"@id\":\"https:\/\/solenaapartman.hu\/de\/#\/schema\/logo\/image\/\"}},{\"@type\":\"Person\",\"@id\":\"https:\/\/solenaapartman.hu\/de\/#\/schema\/person\/cc06b97ac9c83e76b6007f0ea14487ff\",\"name\":\"SOLENA Apartman\",\"image\":{\"@type\":\"ImageObject\",\"inLanguage\":\"de\",\"@id\":\"https:\/\/solenaapartman.hu\/de\/#\/schema\/person\/image\/\",\"url\":\"https:\/\/secure.gravatar.com\/avatar\/556735fad9bfe138b8843e9c93cdcee1ce07a33dbf0e2d91a9e664aa109d9ab1?s=96&d=mm&r=g\",\"contentUrl\":\"https:\/\/secure.gravatar.com\/avatar\/556735fad9bfe138b8843e9c93cdcee1ce07a33dbf0e2d91a9e664aa109d9ab1?s=96&d=mm&r=g\",\"caption\":\"SOLENA Apartman\"},\"sameAs\":[\"https:\/\/solenaapartman.hu\"],\"url\":\"https:\/\/solenaapartman.hu\/de\/author\/solenaapartman\/\"}]}<\/script>\n<!-- \/ Yoast SEO Premium plugin. -->","yoast_head_json":{"title":"\ud83c\udff0 V\u00e1rosfal maradv\u00e1ny &amp; sarokb\u00e1stya \u2013 K\u00f6z\u00e9pkori id\u0151utaz\u00e1s Hajd\u00faszoboszl\u00f3n | SOLENA Apartmanh\u00e1z Hajd\u00faszoboszl\u00f3","description":"B\u00e1r Hajd\u00faszoboszl\u00f3 nev\u00e9t sokan a gy\u00f3gyv\u00edz \u00e9s a f\u00fcrd\u0151\u00e9lm\u00e9nyek miatt ismerik, a v\u00e1ros enn\u00e9l j\u00f3val t\u00f6bbet rejt mag\u00e1ban. A nyugodt utc\u00e1k, z\u00f6ld parkok \u00e9s modern turisztikai k\u00f6zpontok k\u00f6z\u00f6tt megb\u00fajik valami eg\u00e9szen k\u00fcl\u00f6nleges: a hajd\u00fas\u00e1gi m\u00falt k\u00e9zzel foghat\u00f3 eml\u00e9ke. A V\u00e1rosfal maradv\u00e1ny \u00e9s a hozz\u00e1 tartoz\u00f3 sarokb\u00e1stya a v\u00e1ros sz\u00edv\u00e9ben \u00e1ll, csendben, m\u00e9lt\u00f3s\u00e1gteljesen. Egy hely, ahol meg\u00e1ll az id\u0151 \u2013 \u00e9s egy s\u00e9ta sor\u00e1n el\u00e9nk t\u00e1rul Hajd\u00faszoboszl\u00f3 k\u00f6z\u00e9pkori arca.","robots":{"index":"index","follow":"follow","max-snippet":"max-snippet:-1","max-image-preview":"max-image-preview:large","max-video-preview":"max-video-preview:-1"},"canonical":"https:\/\/solenaapartman.hu\/de\/2025\/06\/22\/varosfal-maradvany-sarokbastya-kozepkori-idoutazas-hajduszoboszlon\/","og_locale":"de_DE","og_type":"article","og_title":"\ud83c\udff0 V\u00e1rosfal maradv\u00e1ny &amp; sarokb\u00e1stya \u2013 K\u00f6z\u00e9pkori id\u0151utaz\u00e1s Hajd\u00faszoboszl\u00f3n","og_description":"B\u00e1r Hajd\u00faszoboszl\u00f3 nev\u00e9t sokan a gy\u00f3gyv\u00edz \u00e9s a f\u00fcrd\u0151\u00e9lm\u00e9nyek miatt ismerik, a v\u00e1ros enn\u00e9l j\u00f3val t\u00f6bbet rejt mag\u00e1ban. A nyugodt utc\u00e1k, z\u00f6ld parkok \u00e9s modern turisztikai k\u00f6zpontok k\u00f6z\u00f6tt megb\u00fajik valami eg\u00e9szen k\u00fcl\u00f6nleges: a hajd\u00fas\u00e1gi m\u00falt k\u00e9zzel foghat\u00f3 eml\u00e9ke. A V\u00e1rosfal maradv\u00e1ny \u00e9s a hozz\u00e1 tartoz\u00f3 sarokb\u00e1stya a v\u00e1ros sz\u00edv\u00e9ben \u00e1ll, csendben, m\u00e9lt\u00f3s\u00e1gteljesen. Egy hely, ahol meg\u00e1ll az id\u0151 \u2013 \u00e9s egy s\u00e9ta sor\u00e1n el\u00e9nk t\u00e1rul Hajd\u00faszoboszl\u00f3 k\u00f6z\u00e9pkori arca.","og_url":"https:\/\/solenaapartman.hu\/de\/2025\/06\/22\/varosfal-maradvany-sarokbastya-kozepkori-idoutazas-hajduszoboszlon\/","og_site_name":"SOLENA Apartmanh\u00e1z Hajd\u00faszoboszl\u00f3","article_published_time":"2025-06-22T19:25:24+00:00","og_image":[{"width":1600,"height":900,"url":"https:\/\/solenaapartman.hu\/wp-content\/uploads\/2025\/06\/hajduszoboszlo-varsi-erodfal-maradvany-ovaros-csodalatosmagyarorszag.jpg","type":"image\/jpeg"}],"author":"SOLENA Apartman","twitter_card":"summary_large_image","twitter_misc":{"Verfasst von":"SOLENA Apartman","Gesch\u00e4tzte Lesezeit":"2\u00a0Minuten"},"schema":{"@context":"https:\/\/schema.org","@graph":[{"@type":"Article","@id":"https:\/\/solenaapartman.hu\/de\/2025\/06\/22\/varosfal-maradvany-sarokbastya-kozepkori-idoutazas-hajduszoboszlon\/#article","isPartOf":{"@id":"https:\/\/solenaapartman.hu\/de\/2025\/06\/22\/varosfal-maradvany-sarokbastya-kozepkori-idoutazas-hajduszoboszlon\/"},"author":{"name":"SOLENA Apartman","@id":"https:\/\/solenaapartman.hu\/de\/#\/schema\/person\/cc06b97ac9c83e76b6007f0ea14487ff"},"headline":"\ud83c\udff0 V\u00e1rosfal maradv\u00e1ny &amp; sarokb\u00e1stya \u2013 K\u00f6z\u00e9pkori id\u0151utaz\u00e1s Hajd\u00faszoboszl\u00f3n","datePublished":"2025-06-22T19:25:24+00:00","mainEntityOfPage":{"@id":"https:\/\/solenaapartman.hu\/de\/2025\/06\/22\/varosfal-maradvany-sarokbastya-kozepkori-idoutazas-hajduszoboszlon\/"},"wordCount":489,"commentCount":0,"publisher":{"@id":"https:\/\/solenaapartman.hu\/de\/#organization"},"image":{"@id":"https:\/\/solenaapartman.hu\/de\/2025\/06\/22\/varosfal-maradvany-sarokbastya-kozepkori-idoutazas-hajduszoboszlon\/#primaryimage"},"thumbnailUrl":"https:\/\/solenaapartman.hu\/wp-content\/uploads\/2025\/06\/hajduszoboszlo-varsi-erodfal-maradvany-ovaros-csodalatosmagyarorszag.jpg","keywords":["alf\u00f6ldi m\u00falt","csal\u00e1di program","d\u00e9lut\u00e1ni program","hajd\u00fak v\u00e1rosa","hajd\u00fas\u00e1g \u00f6r\u00f6ks\u00e9ge","hajd\u00faszoboszl\u00f3 l\u00e1tnival\u00f3k","id\u0151utaz\u00e1s","k\u0151fal maradv\u00e1ny","k\u00f6z\u00e9pkori eml\u00e9k","m\u0171eml\u00e9k s\u00e9ta","rejtett \u00e9rt\u00e9kek","sarokb\u00e1stya","solena apartman k\u00f6zel\u00e9ben","szabadt\u00e9ri l\u00e1tnival\u00f3","t\u00f6r\u00f6k id\u0151k","t\u00f6rt\u00e9nelmi hangulat","t\u00f6rt\u00e9nelmi s\u00e9ta","v\u00e1rosfal hajd\u00faszoboszl\u00f3","v\u00e1rosi t\u00f6rt\u00e9nelem","v\u00e9delmi rendszer"],"articleSection":["SOLENA Apartman"],"inLanguage":"de","potentialAction":[{"@type":"CommentAction","name":"Comment","target":["https:\/\/solenaapartman.hu\/de\/2025\/06\/22\/varosfal-maradvany-sarokbastya-kozepkori-idoutazas-hajduszoboszlon\/#respond"]}]},{"@type":"WebPage","@id":"https:\/\/solenaapartman.hu\/de\/2025\/06\/22\/varosfal-maradvany-sarokbastya-kozepkori-idoutazas-hajduszoboszlon\/","url":"https:\/\/solenaapartman.hu\/de\/2025\/06\/22\/varosfal-maradvany-sarokbastya-kozepkori-idoutazas-hajduszoboszlon\/","name":"\ud83c\udff0 V\u00e1rosfal maradv\u00e1ny &amp; sarokb\u00e1stya \u2013 K\u00f6z\u00e9pkori id\u0151utaz\u00e1s Hajd\u00faszoboszl\u00f3n | SOLENA Apartmanh\u00e1z Hajd\u00faszoboszl\u00f3","isPartOf":{"@id":"https:\/\/solenaapartman.hu\/de\/#website"},"primaryImageOfPage":{"@id":"https:\/\/solenaapartman.hu\/de\/2025\/06\/22\/varosfal-maradvany-sarokbastya-kozepkori-idoutazas-hajduszoboszlon\/#primaryimage"},"image":{"@id":"https:\/\/solenaapartman.hu\/de\/2025\/06\/22\/varosfal-maradvany-sarokbastya-kozepkori-idoutazas-hajduszoboszlon\/#primaryimage"},"thumbnailUrl":"https:\/\/solenaapartman.hu\/wp-content\/uploads\/2025\/06\/hajduszoboszlo-varsi-erodfal-maradvany-ovaros-csodalatosmagyarorszag.jpg","datePublished":"2025-06-22T19:25:24+00:00","description":"B\u00e1r Hajd\u00faszoboszl\u00f3 nev\u00e9t sokan a gy\u00f3gyv\u00edz \u00e9s a f\u00fcrd\u0151\u00e9lm\u00e9nyek miatt ismerik, a v\u00e1ros enn\u00e9l j\u00f3val t\u00f6bbet rejt mag\u00e1ban. A nyugodt utc\u00e1k, z\u00f6ld parkok \u00e9s modern turisztikai k\u00f6zpontok k\u00f6z\u00f6tt megb\u00fajik valami eg\u00e9szen k\u00fcl\u00f6nleges: a hajd\u00fas\u00e1gi m\u00falt k\u00e9zzel foghat\u00f3 eml\u00e9ke. A V\u00e1rosfal maradv\u00e1ny \u00e9s a hozz\u00e1 tartoz\u00f3 sarokb\u00e1stya a v\u00e1ros sz\u00edv\u00e9ben \u00e1ll, csendben, m\u00e9lt\u00f3s\u00e1gteljesen. Egy hely, ahol meg\u00e1ll az id\u0151 \u2013 \u00e9s egy s\u00e9ta sor\u00e1n el\u00e9nk t\u00e1rul Hajd\u00faszoboszl\u00f3 k\u00f6z\u00e9pkori arca.","breadcrumb":{"@id":"https:\/\/solenaapartman.hu\/de\/2025\/06\/22\/varosfal-maradvany-sarokbastya-kozepkori-idoutazas-hajduszoboszlon\/#breadcrumb"},"inLanguage":"de","potentialAction":[{"@type":"ReadAction","target":["https:\/\/solenaapartman.hu\/de\/2025\/06\/22\/varosfal-maradvany-sarokbastya-kozepkori-idoutazas-hajduszoboszlon\/"]}]},{"@type":"ImageObject","inLanguage":"de","@id":"https:\/\/solenaapartman.hu\/de\/2025\/06\/22\/varosfal-maradvany-sarokbastya-kozepkori-idoutazas-hajduszoboszlon\/#primaryimage","url":"https:\/\/solenaapartman.hu\/wp-content\/uploads\/2025\/06\/hajduszoboszlo-varsi-erodfal-maradvany-ovaros-csodalatosmagyarorszag.jpg","contentUrl":"https:\/\/solenaapartman.hu\/wp-content\/uploads\/2025\/06\/hajduszoboszlo-varsi-erodfal-maradvany-ovaros-csodalatosmagyarorszag.jpg","width":1600,"height":900},{"@type":"BreadcrumbList","@id":"https:\/\/solenaapartman.hu\/de\/2025\/06\/22\/varosfal-maradvany-sarokbastya-kozepkori-idoutazas-hajduszoboszlon\/#breadcrumb","itemListElement":[{"@type":"ListItem","position":1,"name":"Kezd\u0151lap","item":"https:\/\/solenaapartman.hu\/de\/"},{"@type":"ListItem","position":2,"name":"\ud83c\udff0 V\u00e1rosfal maradv\u00e1ny &amp; sarokb\u00e1stya \u2013 K\u00f6z\u00e9pkori id\u0151utaz\u00e1s Hajd\u00faszoboszl\u00f3n"}]},{"@type":"WebSite","@id":"https:\/\/solenaapartman.hu\/de\/#website","url":"https:\/\/solenaapartman.hu\/de\/","name":"SOLENA Apartmanh\u00e1z Hajd\u00faszoboszl\u00f3","description":"Olcs\u00f3 apartmanok Hajd\u00faszoboszl\u00f3n!","publisher":{"@id":"https:\/\/solenaapartman.hu\/de\/#organization"},"potentialAction":[{"@type":"SearchAction","target":{"@type":"EntryPoint","urlTemplate":"https:\/\/solenaapartman.hu\/de\/?s={search_term_string}"},"query-input":{"@type":"PropertyValueSpecification","valueRequired":true,"valueName":"search_term_string"}}],"inLanguage":"de"},{"@type":"Organization","@id":"https:\/\/solenaapartman.hu\/de\/#organization","name":"SOLENA Apartmanh\u00e1z Hajd\u00faszoboszl\u00f3","url":"https:\/\/solenaapartman.hu\/de\/","logo":{"@type":"ImageObject","inLanguage":"de","@id":"https:\/\/solenaapartman.hu\/de\/#\/schema\/logo\/image\/","url":"https:\/\/solenaapartman.hu\/wp-content\/uploads\/2025\/06\/Solena-Favicon.png","contentUrl":"https:\/\/solenaapartman.hu\/wp-content\/uploads\/2025\/06\/Solena-Favicon.png","width":1000,"height":1000,"caption":"SOLENA Apartmanh\u00e1z Hajd\u00faszoboszl\u00f3"},"image":{"@id":"https:\/\/solenaapartman.hu\/de\/#\/schema\/logo\/image\/"}},{"@type":"Person","@id":"https:\/\/solenaapartman.hu\/de\/#\/schema\/person\/cc06b97ac9c83e76b6007f0ea14487ff","name":"SOLENA Apartman","image":{"@type":"ImageObject","inLanguage":"de","@id":"https:\/\/solenaapartman.hu\/de\/#\/schema\/person\/image\/","url":"https:\/\/secure.gravatar.com\/avatar\/556735fad9bfe138b8843e9c93cdcee1ce07a33dbf0e2d91a9e664aa109d9ab1?s=96&d=mm&r=g","contentUrl":"https:\/\/secure.gravatar.com\/avatar\/556735fad9bfe138b8843e9c93cdcee1ce07a33dbf0e2d91a9e664aa109d9ab1?s=96&d=mm&r=g","caption":"SOLENA Apartman"},"sameAs":["https:\/\/solenaapartman.hu"],"url":"https:\/\/solenaapartman.hu\/de\/author\/solenaapartman\/"}]}},"_links":{"self":[{"href":"https:\/\/solenaapartman.hu\/de\/wp-json\/wp\/v2\/posts\/17940","targetHints":{"allow":["GET"]}}],"collection":[{"href":"https:\/\/solenaapartman.hu\/de\/wp-json\/wp\/v2\/posts"}],"about":[{"href":"https:\/\/solenaapartman.hu\/de\/wp-json\/wp\/v2\/types\/post"}],"author":[{"embeddable":true,"href":"https:\/\/solenaapartman.hu\/de\/wp-json\/wp\/v2\/users\/1"}],"replies":[{"embeddable":true,"href":"https:\/\/solenaapartman.hu\/de\/wp-json\/wp\/v2\/comments?post=17940"}],"version-history":[{"count":0,"href":"https:\/\/solenaapartman.hu\/de\/wp-json\/wp\/v2\/posts\/17940\/revisions"}],"wp:featuredmedia":[{"embeddable":true,"href":"https:\/\/solenaapartman.hu\/de\/wp-json\/wp\/v2\/media\/17849"}],"wp:attachment":[{"href":"https:\/\/solenaapartman.hu\/de\/wp-json\/wp\/v2\/media?parent=17940"}],"wp:term":[{"taxonomy":"category","embeddable":true,"href":"https:\/\/solenaapartman.hu\/de\/wp-json\/wp\/v2\/categories?post=17940"},{"taxonomy":"post_tag","embeddable":true,"href":"https:\/\/solenaapartman.hu\/de\/wp-json\/wp\/v2\/tags?post=17940"}],"curies":[{"name":"wp","href":"https:\/\/api.w.org\/{rel}","templated":true}]}}